{"id":6908,"date":"2026-03-20T18:24:04","date_gmt":"2026-03-20T17:24:04","guid":{"rendered":"https:\/\/stiftung-ts.de\/sts\/?p=6908"},"modified":"2026-03-27T11:02:31","modified_gmt":"2026-03-27T10:02:31","slug":"kompaktkurs-begleitende-seelsorge","status":"publish","type":"post","link":"https:\/\/stiftung-ts.de\/sts\/2026\/03\/20\/kompaktkurs-begleitende-seelsorge\/","title":{"rendered":"Kompaktkurs Begleitende Seelsorge"},"content":{"rendered":"\n<p><strong>Online-Kurs ab Juli 2026<\/strong><\/p>\n\n\n\n<p>Erlebe das komplette Ausbildungsprogramm inkl. Einzelanalysen und pers\u00f6nlicher Supervision bequem von zu Hause aus.<br>Unser ganzheitlicher Online-Kurs richtet sich an alle, die das digitale Format bevorzugen und ihre Weiterbildung zielstrebig und flexibel voranbringen m\u00f6chten.<\/p>\n\n\n\n<p><strong>Wichtig:<\/strong> Der Kurs ist ausschlie\u00dflich als Gesamtpaket buchbar \u2013 f\u00fcr ein intensives und durchg\u00e4ngiges Lernerlebnis.<\/p>\n\n\n\n<p>Deine Kompetenzen durch diesen ganzheitlichen Wachstumsprozess:<\/p>\n\n\n\n<ul class=\"wp-block-list\">\n<li>Schulung deiner Selbst- und Fremdwahrnehmung und der Sozialkompetenz.<\/li>\n\n\n\n<li>F\u00f6rderung deiner Kommunikation und Teamf\u00e4higkeit.<\/li>\n\n\n\n<li>Deine St\u00e4rken und Schw\u00e4chen kennenlernen, M\u00f6glichkeiten und Grenzen der begleitenden Seelsorge verstehen.<\/li>\n\n\n\n<li>Hilfreiche Impulse f\u00fcr die eigene Familie, den Beruf und die pers\u00f6nliche Lebensthematik erhalten und weitergeben lernen.<\/li>\n\n\n\n<li>Menschen in Krisen und N\u00f6ten des Lebens geistlich und fachlich kompetent begleiten k\u00f6nnen.<br><\/li>\n<\/ul>\n\n\n\n<p>Auf diesem spannenden Weg m\u00f6chten wir dich als Stiftung TS mit unserer fachlichen und therapeutischen Kompetenz unterst\u00fctzen und begleiten.<\/p>\n\n\n\n<p>Weitere Informationen zum gesamten Kurs:<br><strong><a href=\"https:\/\/stiftung-ts.de\/sts\/wp-content\/uploads\/2025\/11\/Kompaktkurs_Begleitende-Seelsorge_2026_PDF-Flyer_11112025.pdf\" target=\"_blank\" rel=\"noreferrer noopener\">Kompaktkurs Begleitende Seelsorge 2026<\/a><\/strong><\/p>\n\n\n\n<p>Bei Interesse an diesem Kurs wende dich gerne an unser B\u00fcro <a href=\"mailto:sekretariat@stiftung-ts.de\">sekretariat@stiftung-ts.de<\/a>. <br>Wir beraten dich gerne. <br><\/p>\n\n\n\n<div style=\"height:30px\" aria-hidden=\"true\" class=\"wp-block-spacer\"><\/div>\n\n\n\n<a class=\"enigma_blog_read_btn\" href=\"https:\/\/seminare.stiftung-ts.de\/events\/kompaktkurs-begleitende-seelsorge\/\" target=\"_blank\" rel=\"noreferrer noopener\">Kurs buchen<\/a>\n\n\n\n<p>Anmeldeschluss: 17.06.2026<\/p>\n","protected":false},"excerpt":{"rendered":"<p>Online-Kurs ab Juli 2026.<br \/>\nErlebe das komplette Ausbildungsprogramm bequem von zu Hause aus.<\/p>\n","protected":false},"author":2,"featured_media":6931,"comment_status":"closed","ping_status":"closed","sticky":false,"template":"","format":"standard","meta":{"footnotes":""},"categories":[13],"tags":[],"class_list":["post-6908","post","type-post","status-publish","format-standard","has-post-thumbnail","hentry","category-ausbildung"],"yoast_head":"<!-- This site is optimized with the Yoast SEO plugin v27.5 - https:\/\/yoast.com\/product\/yoast-seo-wordpress\/ -->\n<title>Kompaktkurs Begleitende Seelsorge - Stiftung TS<\/title>\n<meta name=\"description\" content=\"Erlebe das komplette Ausbildungsprogramm dieses Online-Kurses bequem von zu Hause aus. Kursbeginn im Juli 2026.\" \/>\n<meta name=\"robots\" content=\"index, follow, max-snippet:-1, max-image-preview:large, max-video-preview:-1\" \/>\n<link rel=\"canonical\" href=\"https:\/\/stiftung-ts.de\/sts\/2026\/03\/20\/kompaktkurs-begleitende-seelsorge\/\" \/>\n<meta property=\"og:locale\" content=\"de_DE\" \/>\n<meta property=\"og:type\" content=\"article\" \/>\n<meta property=\"og:title\" content=\"Kompaktkurs Begleitende Seelsorge - Stiftung TS\" \/>\n<meta property=\"og:description\" content=\"Erlebe das komplette Ausbildungsprogramm dieses Online-Kurses bequem von zu Hause aus. Kursbeginn im Juli 2026.\" \/>\n<meta property=\"og:url\" content=\"https:\/\/stiftung-ts.de\/sts\/2026\/03\/20\/kompaktkurs-begleitende-seelsorge\/\" \/>\n<meta property=\"og:site_name\" content=\"Stiftung TS\" \/>\n<meta property=\"article:publisher\" content=\"https:\/\/www.facebook.com\/therapeutische.seelsorge\" \/>\n<meta property=\"article:published_time\" content=\"2026-03-20T17:24:04+00:00\" \/>\n<meta property=\"article:modified_time\" content=\"2026-03-27T10:02:31+00:00\" \/>\n<meta property=\"og:image\" content=\"https:\/\/stiftung-ts.de\/sts\/wp-content\/uploads\/2025\/09\/student-849821_1280.jpg\" \/>\n\t<meta property=\"og:image:width\" content=\"1280\" \/>\n\t<meta property=\"og:image:height\" content=\"893\" \/>\n\t<meta property=\"og:image:type\" content=\"image\/jpeg\" \/>\n<meta name=\"author\" content=\"Stiftung TS\" \/>\n<meta name=\"twitter:card\" content=\"summary_large_image\" \/>\n<meta name=\"twitter:label1\" content=\"Verfasst von\" \/>\n\t<meta name=\"twitter:data1\" content=\"Stiftung TS\" \/>\n\t<meta name=\"twitter:label2\" content=\"Gesch\u00e4tzte Lesezeit\" \/>\n\t<meta name=\"twitter:data2\" content=\"2\u00a0Minuten\" \/>\n<script type=\"application\/ld+json\" class=\"yoast-schema-graph\">{\"@context\":\"https:\\\/\\\/schema.org\",\"@graph\":[{\"@type\":\"Article\",\"@id\":\"https:\\\/\\\/stiftung-ts.de\\\/sts\\\/2026\\\/03\\\/20\\\/kompaktkurs-begleitende-seelsorge\\\/#article\",\"isPartOf\":{\"@id\":\"https:\\\/\\\/stiftung-ts.de\\\/sts\\\/2026\\\/03\\\/20\\\/kompaktkurs-begleitende-seelsorge\\\/\"},\"author\":{\"name\":\"Stiftung TS\",\"@id\":\"https:\\\/\\\/stiftung-ts.de\\\/sts\\\/#\\\/schema\\\/person\\\/0f4231ad9f38bcd50cdb8adece9be2d2\"},\"headline\":\"Kompaktkurs Begleitende Seelsorge\",\"datePublished\":\"2026-03-20T17:24:04+00:00\",\"dateModified\":\"2026-03-27T10:02:31+00:00\",\"mainEntityOfPage\":{\"@id\":\"https:\\\/\\\/stiftung-ts.de\\\/sts\\\/2026\\\/03\\\/20\\\/kompaktkurs-begleitende-seelsorge\\\/\"},\"wordCount\":179,\"publisher\":{\"@id\":\"https:\\\/\\\/stiftung-ts.de\\\/sts\\\/#organization\"},\"image\":{\"@id\":\"https:\\\/\\\/stiftung-ts.de\\\/sts\\\/2026\\\/03\\\/20\\\/kompaktkurs-begleitende-seelsorge\\\/#primaryimage\"},\"thumbnailUrl\":\"https:\\\/\\\/stiftung-ts.de\\\/sts\\\/wp-content\\\/uploads\\\/2025\\\/09\\\/student-849821_1280.jpg\",\"articleSection\":[\"Ausbildung\"],\"inLanguage\":\"de\"},{\"@type\":\"WebPage\",\"@id\":\"https:\\\/\\\/stiftung-ts.de\\\/sts\\\/2026\\\/03\\\/20\\\/kompaktkurs-begleitende-seelsorge\\\/\",\"url\":\"https:\\\/\\\/stiftung-ts.de\\\/sts\\\/2026\\\/03\\\/20\\\/kompaktkurs-begleitende-seelsorge\\\/\",\"name\":\"Kompaktkurs Begleitende Seelsorge - Stiftung TS\",\"isPartOf\":{\"@id\":\"https:\\\/\\\/stiftung-ts.de\\\/sts\\\/#website\"},\"primaryImageOfPage\":{\"@id\":\"https:\\\/\\\/stiftung-ts.de\\\/sts\\\/2026\\\/03\\\/20\\\/kompaktkurs-begleitende-seelsorge\\\/#primaryimage\"},\"image\":{\"@id\":\"https:\\\/\\\/stiftung-ts.de\\\/sts\\\/2026\\\/03\\\/20\\\/kompaktkurs-begleitende-seelsorge\\\/#primaryimage\"},\"thumbnailUrl\":\"https:\\\/\\\/stiftung-ts.de\\\/sts\\\/wp-content\\\/uploads\\\/2025\\\/09\\\/student-849821_1280.jpg\",\"datePublished\":\"2026-03-20T17:24:04+00:00\",\"dateModified\":\"2026-03-27T10:02:31+00:00\",\"description\":\"Erlebe das komplette Ausbildungsprogramm dieses Online-Kurses bequem von zu Hause aus. Kursbeginn im Juli 2026.\",\"breadcrumb\":{\"@id\":\"https:\\\/\\\/stiftung-ts.de\\\/sts\\\/2026\\\/03\\\/20\\\/kompaktkurs-begleitende-seelsorge\\\/#breadcrumb\"},\"inLanguage\":\"de\",\"potentialAction\":[{\"@type\":\"ReadAction\",\"target\":[\"https:\\\/\\\/stiftung-ts.de\\\/sts\\\/2026\\\/03\\\/20\\\/kompaktkurs-begleitende-seelsorge\\\/\"]}]},{\"@type\":\"ImageObject\",\"inLanguage\":\"de\",\"@id\":\"https:\\\/\\\/stiftung-ts.de\\\/sts\\\/2026\\\/03\\\/20\\\/kompaktkurs-begleitende-seelsorge\\\/#primaryimage\",\"url\":\"https:\\\/\\\/stiftung-ts.de\\\/sts\\\/wp-content\\\/uploads\\\/2025\\\/09\\\/student-849821_1280.jpg\",\"contentUrl\":\"https:\\\/\\\/stiftung-ts.de\\\/sts\\\/wp-content\\\/uploads\\\/2025\\\/09\\\/student-849821_1280.jpg\",\"width\":1280,\"height\":893},{\"@type\":\"BreadcrumbList\",\"@id\":\"https:\\\/\\\/stiftung-ts.de\\\/sts\\\/2026\\\/03\\\/20\\\/kompaktkurs-begleitende-seelsorge\\\/#breadcrumb\",\"itemListElement\":[{\"@type\":\"ListItem\",\"position\":1,\"name\":\"Startseite\",\"item\":\"https:\\\/\\\/stiftung-ts.de\\\/sts\\\/\"},{\"@type\":\"ListItem\",\"position\":2,\"name\":\"Kompaktkurs Begleitende Seelsorge\"}]},{\"@type\":\"WebSite\",\"@id\":\"https:\\\/\\\/stiftung-ts.de\\\/sts\\\/#website\",\"url\":\"https:\\\/\\\/stiftung-ts.de\\\/sts\\\/\",\"name\":\"Stiftung TS\",\"description\":\"\",\"publisher\":{\"@id\":\"https:\\\/\\\/stiftung-ts.de\\\/sts\\\/#organization\"},\"potentialAction\":[{\"@type\":\"SearchAction\",\"target\":{\"@type\":\"EntryPoint\",\"urlTemplate\":\"https:\\\/\\\/stiftung-ts.de\\\/sts\\\/?s={search_term_string}\"},\"query-input\":{\"@type\":\"PropertyValueSpecification\",\"valueRequired\":true,\"valueName\":\"search_term_string\"}}],\"inLanguage\":\"de\"},{\"@type\":\"Organization\",\"@id\":\"https:\\\/\\\/stiftung-ts.de\\\/sts\\\/#organization\",\"name\":\"Stiftung TS\",\"url\":\"https:\\\/\\\/stiftung-ts.de\\\/sts\\\/\",\"logo\":{\"@type\":\"ImageObject\",\"inLanguage\":\"de\",\"@id\":\"https:\\\/\\\/stiftung-ts.de\\\/sts\\\/#\\\/schema\\\/logo\\\/image\\\/\",\"url\":\"https:\\\/\\\/stiftung-ts.de\\\/sts\\\/wp-content\\\/uploads\\\/2021\\\/04\\\/Logo_Stiftung-TS_512-rund.png\",\"contentUrl\":\"https:\\\/\\\/stiftung-ts.de\\\/sts\\\/wp-content\\\/uploads\\\/2021\\\/04\\\/Logo_Stiftung-TS_512-rund.png\",\"width\":512,\"height\":512,\"caption\":\"Stiftung TS\"},\"image\":{\"@id\":\"https:\\\/\\\/stiftung-ts.de\\\/sts\\\/#\\\/schema\\\/logo\\\/image\\\/\"},\"sameAs\":[\"https:\\\/\\\/www.facebook.com\\\/therapeutische.seelsorge\"]},{\"@type\":\"Person\",\"@id\":\"https:\\\/\\\/stiftung-ts.de\\\/sts\\\/#\\\/schema\\\/person\\\/0f4231ad9f38bcd50cdb8adece9be2d2\",\"name\":\"Stiftung TS\"}]}<\/script>\n<!-- \/ Yoast SEO plugin. -->","yoast_head_json":{"title":"Kompaktkurs Begleitende Seelsorge - Stiftung TS","description":"Erlebe das komplette Ausbildungsprogramm dieses Online-Kurses bequem von zu Hause aus. Kursbeginn im Juli 2026.","robots":{"index":"index","follow":"follow","max-snippet":"max-snippet:-1","max-image-preview":"max-image-preview:large","max-video-preview":"max-video-preview:-1"},"canonical":"https:\/\/stiftung-ts.de\/sts\/2026\/03\/20\/kompaktkurs-begleitende-seelsorge\/","og_locale":"de_DE","og_type":"article","og_title":"Kompaktkurs Begleitende Seelsorge - Stiftung TS","og_description":"Erlebe das komplette Ausbildungsprogramm dieses Online-Kurses bequem von zu Hause aus. Kursbeginn im Juli 2026.","og_url":"https:\/\/stiftung-ts.de\/sts\/2026\/03\/20\/kompaktkurs-begleitende-seelsorge\/","og_site_name":"Stiftung TS","article_publisher":"https:\/\/www.facebook.com\/therapeutische.seelsorge","article_published_time":"2026-03-20T17:24:04+00:00","article_modified_time":"2026-03-27T10:02:31+00:00","og_image":[{"width":1280,"height":893,"url":"https:\/\/stiftung-ts.de\/sts\/wp-content\/uploads\/2025\/09\/student-849821_1280.jpg","type":"image\/jpeg"}],"author":"Stiftung TS","twitter_card":"summary_large_image","twitter_misc":{"Verfasst von":"Stiftung TS","Gesch\u00e4tzte Lesezeit":"2\u00a0Minuten"},"schema":{"@context":"https:\/\/schema.org","@graph":[{"@type":"Article","@id":"https:\/\/stiftung-ts.de\/sts\/2026\/03\/20\/kompaktkurs-begleitende-seelsorge\/#article","isPartOf":{"@id":"https:\/\/stiftung-ts.de\/sts\/2026\/03\/20\/kompaktkurs-begleitende-seelsorge\/"},"author":{"name":"Stiftung TS","@id":"https:\/\/stiftung-ts.de\/sts\/#\/schema\/person\/0f4231ad9f38bcd50cdb8adece9be2d2"},"headline":"Kompaktkurs Begleitende Seelsorge","datePublished":"2026-03-20T17:24:04+00:00","dateModified":"2026-03-27T10:02:31+00:00","mainEntityOfPage":{"@id":"https:\/\/stiftung-ts.de\/sts\/2026\/03\/20\/kompaktkurs-begleitende-seelsorge\/"},"wordCount":179,"publisher":{"@id":"https:\/\/stiftung-ts.de\/sts\/#organization"},"image":{"@id":"https:\/\/stiftung-ts.de\/sts\/2026\/03\/20\/kompaktkurs-begleitende-seelsorge\/#primaryimage"},"thumbnailUrl":"https:\/\/stiftung-ts.de\/sts\/wp-content\/uploads\/2025\/09\/student-849821_1280.jpg","articleSection":["Ausbildung"],"inLanguage":"de"},{"@type":"WebPage","@id":"https:\/\/stiftung-ts.de\/sts\/2026\/03\/20\/kompaktkurs-begleitende-seelsorge\/","url":"https:\/\/stiftung-ts.de\/sts\/2026\/03\/20\/kompaktkurs-begleitende-seelsorge\/","name":"Kompaktkurs Begleitende Seelsorge - Stiftung TS","isPartOf":{"@id":"https:\/\/stiftung-ts.de\/sts\/#website"},"primaryImageOfPage":{"@id":"https:\/\/stiftung-ts.de\/sts\/2026\/03\/20\/kompaktkurs-begleitende-seelsorge\/#primaryimage"},"image":{"@id":"https:\/\/stiftung-ts.de\/sts\/2026\/03\/20\/kompaktkurs-begleitende-seelsorge\/#primaryimage"},"thumbnailUrl":"https:\/\/stiftung-ts.de\/sts\/wp-content\/uploads\/2025\/09\/student-849821_1280.jpg","datePublished":"2026-03-20T17:24:04+00:00","dateModified":"2026-03-27T10:02:31+00:00","description":"Erlebe das komplette Ausbildungsprogramm dieses Online-Kurses bequem von zu Hause aus. Kursbeginn im Juli 2026.","breadcrumb":{"@id":"https:\/\/stiftung-ts.de\/sts\/2026\/03\/20\/kompaktkurs-begleitende-seelsorge\/#breadcrumb"},"inLanguage":"de","potentialAction":[{"@type":"ReadAction","target":["https:\/\/stiftung-ts.de\/sts\/2026\/03\/20\/kompaktkurs-begleitende-seelsorge\/"]}]},{"@type":"ImageObject","inLanguage":"de","@id":"https:\/\/stiftung-ts.de\/sts\/2026\/03\/20\/kompaktkurs-begleitende-seelsorge\/#primaryimage","url":"https:\/\/stiftung-ts.de\/sts\/wp-content\/uploads\/2025\/09\/student-849821_1280.jpg","contentUrl":"https:\/\/stiftung-ts.de\/sts\/wp-content\/uploads\/2025\/09\/student-849821_1280.jpg","width":1280,"height":893},{"@type":"BreadcrumbList","@id":"https:\/\/stiftung-ts.de\/sts\/2026\/03\/20\/kompaktkurs-begleitende-seelsorge\/#breadcrumb","itemListElement":[{"@type":"ListItem","position":1,"name":"Startseite","item":"https:\/\/stiftung-ts.de\/sts\/"},{"@type":"ListItem","position":2,"name":"Kompaktkurs Begleitende Seelsorge"}]},{"@type":"WebSite","@id":"https:\/\/stiftung-ts.de\/sts\/#website","url":"https:\/\/stiftung-ts.de\/sts\/","name":"Stiftung TS","description":"","publisher":{"@id":"https:\/\/stiftung-ts.de\/sts\/#organization"},"potentialAction":[{"@type":"SearchAction","target":{"@type":"EntryPoint","urlTemplate":"https:\/\/stiftung-ts.de\/sts\/?s={search_term_string}"},"query-input":{"@type":"PropertyValueSpecification","valueRequired":true,"valueName":"search_term_string"}}],"inLanguage":"de"},{"@type":"Organization","@id":"https:\/\/stiftung-ts.de\/sts\/#organization","name":"Stiftung TS","url":"https:\/\/stiftung-ts.de\/sts\/","logo":{"@type":"ImageObject","inLanguage":"de","@id":"https:\/\/stiftung-ts.de\/sts\/#\/schema\/logo\/image\/","url":"https:\/\/stiftung-ts.de\/sts\/wp-content\/uploads\/2021\/04\/Logo_Stiftung-TS_512-rund.png","contentUrl":"https:\/\/stiftung-ts.de\/sts\/wp-content\/uploads\/2021\/04\/Logo_Stiftung-TS_512-rund.png","width":512,"height":512,"caption":"Stiftung TS"},"image":{"@id":"https:\/\/stiftung-ts.de\/sts\/#\/schema\/logo\/image\/"},"sameAs":["https:\/\/www.facebook.com\/therapeutische.seelsorge"]},{"@type":"Person","@id":"https:\/\/stiftung-ts.de\/sts\/#\/schema\/person\/0f4231ad9f38bcd50cdb8adece9be2d2","name":"Stiftung TS"}]}},"_links":{"self":[{"href":"https:\/\/stiftung-ts.de\/sts\/wp-json\/wp\/v2\/posts\/6908","targetHints":{"allow":["GET"]}}],"collection":[{"href":"https:\/\/stiftung-ts.de\/sts\/wp-json\/wp\/v2\/posts"}],"about":[{"href":"https:\/\/stiftung-ts.de\/sts\/wp-json\/wp\/v2\/types\/post"}],"author":[{"embeddable":true,"href":"https:\/\/stiftung-ts.de\/sts\/wp-json\/wp\/v2\/users\/2"}],"replies":[{"embeddable":true,"href":"https:\/\/stiftung-ts.de\/sts\/wp-json\/wp\/v2\/comments?post=6908"}],"version-history":[{"count":1,"href":"https:\/\/stiftung-ts.de\/sts\/wp-json\/wp\/v2\/posts\/6908\/revisions"}],"predecessor-version":[{"id":7364,"href":"https:\/\/stiftung-ts.de\/sts\/wp-json\/wp\/v2\/posts\/6908\/revisions\/7364"}],"wp:featuredmedia":[{"embeddable":true,"href":"https:\/\/stiftung-ts.de\/sts\/wp-json\/wp\/v2\/media\/6931"}],"wp:attachment":[{"href":"https:\/\/stiftung-ts.de\/sts\/wp-json\/wp\/v2\/media?parent=6908"}],"wp:term":[{"taxonomy":"category","embeddable":true,"href":"https:\/\/stiftung-ts.de\/sts\/wp-json\/wp\/v2\/categories?post=6908"},{"taxonomy":"post_tag","embeddable":true,"href":"https:\/\/stiftung-ts.de\/sts\/wp-json\/wp\/v2\/tags?post=6908"}],"curies":[{"name":"wp","href":"https:\/\/api.w.org\/{rel}","templated":true}]}}